{"id":12623,"date":"2016-12-29T12:45:04","date_gmt":"2016-12-29T12:45:04","guid":{"rendered":"http:\/\/bicfactory.se\/?p=12623"},"modified":"2021-05-12T09:09:58","modified_gmt":"2021-05-12T07:09:58","slug":"ny-kompetens-till-bic-factorys-styrgrupp","status":"publish","type":"post","link":"https:\/\/bicfactory.se\/en\/ny-kompetens-till-bic-factorys-styrgrupp\/","title":{"rendered":"Ny kompetens till BIC Factorys styrgrupp"},"content":{"rendered":"<p>Vi har from \u00e5rsskiftet rekryterat in internetforskaren och entrepren\u00f6ren Annakarin Nyberg till v\u00e5r styrgrupp. Annakarin eftertr\u00e4der Anita Bostr\u00f6m, STF som medverkat i styrgruppen i 12 \u00e5r. Uppdraget inneb\u00e4r att Annakarin Nyberg deltar p\u00e5 BIC Factorys styrgruppsm\u00f6ten och bidrar med sin digitala kompetens och sitt n\u00e4tverk. Hon fungerar \u00e4ven som en resurs vid bed\u00f6mning och inrekrytering av nya digitala f\u00f6retag och som bollplank till projektledningen.<\/p>\n<p><em>&#8211;<\/em> Jag \u00e4r imponerad \u00f6ver den milj\u00f6 som BIC Factory idag erbjuder och jag ser mycket fram emot ett f\u00f6rdjupat samarbete. F\u00f6r mig inneb\u00e4r uppdraget att jag \u00e4nnu mer konkret kan bidra till att skapa f\u00f6ruts\u00e4ttningar f\u00f6r att Ume\u00e5s unga och kreativa entrepren\u00f6rer ska kunna forts\u00e4tta att v\u00e4xa och utvecklas, s\u00e4ger Annakarin Nyberg.<\/p>\n<p>&#8211; J\u00e4tteroligt att Annakarin vill vara med och bidra med sin kompetens till v\u00e5r verksamhet. Att Annakarin sj\u00e4lv ocks\u00e5 \u00e4r entrepren\u00f6r och representerar n\u00e4ringslivet betyder mycket. Hon har dessutom tidigare visat p\u00e5 engagemang i BIC Factory d\u00e5 hon fungerat b\u00e5de som aff\u00e4rscoach och medlem i Kn\u00e4ck Medias skuggstyrelse eller s.k \u201dBIC board,\u201d s\u00e4ger Lena \u00d6hlund verksamhetsledare.<\/p>\n<p>I \u00f6vrigt best\u00e5r styrgruppen av Mikael \u00d6hlund, VD f\u00f6r Ume\u00e5 Kommunf\u00f6retag, Peter Juneblad, n\u00e4ringslivschef, Lena \u00d6hlund, verksamhetsledare, Kerstin Edvardsson, projektledare digital satsning samt Elise Berggren, ekonom.<\/p>\n<p><strong>Om Annakarin Nyberg <\/strong><\/p>\n<p>Annakarin Nyberg, Fil. Doktor, Internetforskare, F\u00f6rfattare, F\u00f6rel\u00e4sare &amp; Moderator<\/p>\n<p>Aktuell med:<\/p>\n<p>LAGA (2016) &#8211; femte delen i serien <em>Steg f\u00f6r steg<\/em> (Rab\u00e9n &amp; Sj\u00f6gren).&nbsp; Prisbel\u00f6nt som \u00c5rets m\u00e5ltidslitteratur f\u00f6r barn och unga (m\u00e5ltidsakademien 2016).<\/p>\n<p>Utlandslansering i 11 l\u00e4nder av succ\u00e9serien steg f\u00f6r steg (Baka, Fixa, Odla, Kalas &amp; Laga) \u2013 kunskapsb\u00f6cker f\u00f6r barn.<\/p>\n<p>P1 SR:&nbsp;<a href=\"http:\/\/sverigesradio.se\/sida\/avsnitt\/748439?programid=2702\" target=\"_blank\" rel=\"noopener\">Livet p\u00e5 n\u00e4tet<\/a> &#8211; ett specialprogram om samh\u00e4llets digitalisering<\/p>\n<p><a href=\"http:\/\/www.harskartekniker.com\/\" target=\"_blank\" rel=\"noopener\">Sociala medier &amp; h\u00e4rskartekniker<\/a>&nbsp;(Studentlitteratur) (Nyberg &amp; Wiberg)<\/p>\n<p><a href=\"http:\/\/www.annakarinnyberg.se\" target=\"_blank\" rel=\"noopener\">www.annakarinnyberg.se<\/a>, <a href=\"http:\/\/kvinnligatalare.se\" target=\"_blank\" rel=\"noopener\">Talarf\u00f6rmedling<\/a><\/p>","protected":false},"excerpt":{"rendered":"<p>Vi har from \u00e5rsskiftet rekryterat in internetforskaren och entrepren\u00f6ren Annakarin Nyberg till v\u00e5r styrgrupp. Annakarin eftertr\u00e4der Anita Bostr\u00f6m, STF som medverkat i styrgruppen i 12 \u00e5r. Uppdraget inneb\u00e4r att Annakarin [&hellip;]<\/p>\n","protected":false},"author":2,"featured_media":12624,"comment_status":"closed","ping_status":"closed","sticky":false,"template":"","format":"standard","meta":{"_acf_changed":false,"inline_featured_image":false,"_price":"","_stock":"","_tribe_ticket_header":"","_tribe_default_ticket_provider":"","_tribe_ticket_capacity":"0","_ticket_start_date":"","_ticket_end_date":"","_tribe_ticket_show_description":"","_tribe_ticket_show_not_going":false,"_tribe_ticket_use_global_stock":"","_tribe_ticket_global_stock_level":"","_global_stock_mode":"","_global_stock_cap":"","_tribe_rsvp_for_event":"","_tribe_ticket_going_count":"","_tribe_ticket_not_going_count":"","_tribe_tickets_list":"[]","_tribe_ticket_has_attendee_info_fields":false,"footnotes":""},"categories":[45],"tags":[95],"class_list":["post-12623","post","type-post","status-publish","format-standard","has-post-thumbnail","hentry","category-nyheter","tag-annakarin-nyberg"],"acf":[],"yoast_head":"<!-- This site is optimized with the Yoast SEO plugin v27.5 - https:\/\/yoast.com\/product\/yoast-seo-wordpress\/ -->\n<title>Ny kompetens till BIC Factorys styrgrupp - BIC Factory<\/title>\n<meta name=\"robots\" content=\"index, follow, max-snippet:-1, max-image-preview:large, max-video-preview:-1\" \/>\n<link rel=\"canonical\" href=\"https:\/\/bicfactory.se\/en\/ny-kompetens-till-bic-factorys-styrgrupp\/\" \/>\n<meta property=\"og:locale\" content=\"en_US\" \/>\n<meta property=\"og:type\" content=\"article\" \/>\n<meta property=\"og:title\" content=\"Ny kompetens till BIC Factorys styrgrupp - BIC Factory\" \/>\n<meta property=\"og:description\" content=\"Vi har from \u00e5rsskiftet rekryterat in internetforskaren och entrepren\u00f6ren Annakarin Nyberg till v\u00e5r styrgrupp. Annakarin eftertr\u00e4der Anita Bostr\u00f6m, STF som medverkat i styrgruppen i 12 \u00e5r. Uppdraget inneb\u00e4r att Annakarin [&hellip;]\" \/>\n<meta property=\"og:url\" content=\"https:\/\/bicfactory.se\/en\/ny-kompetens-till-bic-factorys-styrgrupp\/\" \/>\n<meta property=\"og:site_name\" content=\"BIC Factory\" \/>\n<meta property=\"article:publisher\" content=\"https:\/\/sv-se.facebook.com\/bicfactory\" \/>\n<meta property=\"article:published_time\" content=\"2016-12-29T12:45:04+00:00\" \/>\n<meta property=\"article:modified_time\" content=\"2021-05-12T07:09:58+00:00\" \/>\n<meta property=\"og:image\" content=\"https:\/\/bicfactory.se\/wp-content\/uploads\/2016\/12\/ANNAKARIN-NYBERG-SVARTVIT-pressbild.jpg\" \/>\n\t<meta property=\"og:image:width\" content=\"1200\" \/>\n\t<meta property=\"og:image:height\" content=\"901\" \/>\n\t<meta property=\"og:image:type\" content=\"image\/jpeg\" \/>\n<meta name=\"author\" content=\"Lena \u00d6hlund\" \/>\n<meta name=\"twitter:card\" content=\"summary_large_image\" \/>\n<meta name=\"twitter:label1\" content=\"Written by\" \/>\n\t<meta name=\"twitter:data1\" content=\"Lena \u00d6hlund\" \/>\n\t<meta name=\"twitter:label2\" content=\"Est. reading time\" \/>\n\t<meta name=\"twitter:data2\" content=\"2 minutes\" \/>\n<script type=\"application\/ld+json\" class=\"yoast-schema-graph\">{\"@context\":\"https:\\\/\\\/schema.org\",\"@graph\":[{\"@type\":\"Article\",\"@id\":\"https:\\\/\\\/bicfactory.se\\\/ny-kompetens-till-bic-factorys-styrgrupp\\\/#article\",\"isPartOf\":{\"@id\":\"https:\\\/\\\/bicfactory.se\\\/ny-kompetens-till-bic-factorys-styrgrupp\\\/\"},\"author\":{\"name\":\"Lena \u00d6hlund\",\"@id\":\"https:\\\/\\\/bicfactory.se\\\/en\\\/#\\\/schema\\\/person\\\/f8b67f137cfe6b6eedc2b9d58726063e\"},\"headline\":\"Ny kompetens till BIC Factorys styrgrupp\",\"datePublished\":\"2016-12-29T12:45:04+00:00\",\"dateModified\":\"2021-05-12T07:09:58+00:00\",\"mainEntityOfPage\":{\"@id\":\"https:\\\/\\\/bicfactory.se\\\/ny-kompetens-till-bic-factorys-styrgrupp\\\/\"},\"wordCount\":335,\"publisher\":{\"@id\":\"https:\\\/\\\/bicfactory.se\\\/en\\\/#organization\"},\"image\":{\"@id\":\"https:\\\/\\\/bicfactory.se\\\/ny-kompetens-till-bic-factorys-styrgrupp\\\/#primaryimage\"},\"thumbnailUrl\":\"https:\\\/\\\/bicfactory.se\\\/wp-content\\\/uploads\\\/2016\\\/12\\\/ANNAKARIN-NYBERG-SVARTVIT-pressbild.jpg\",\"keywords\":[\"Annakarin Nyberg\"],\"articleSection\":[\"Nyheter\"],\"inLanguage\":\"en-US\"},{\"@type\":\"WebPage\",\"@id\":\"https:\\\/\\\/bicfactory.se\\\/ny-kompetens-till-bic-factorys-styrgrupp\\\/\",\"url\":\"https:\\\/\\\/bicfactory.se\\\/ny-kompetens-till-bic-factorys-styrgrupp\\\/\",\"name\":\"Ny kompetens till BIC Factorys styrgrupp - BIC Factory\",\"isPartOf\":{\"@id\":\"https:\\\/\\\/bicfactory.se\\\/en\\\/#website\"},\"primaryImageOfPage\":{\"@id\":\"https:\\\/\\\/bicfactory.se\\\/ny-kompetens-till-bic-factorys-styrgrupp\\\/#primaryimage\"},\"image\":{\"@id\":\"https:\\\/\\\/bicfactory.se\\\/ny-kompetens-till-bic-factorys-styrgrupp\\\/#primaryimage\"},\"thumbnailUrl\":\"https:\\\/\\\/bicfactory.se\\\/wp-content\\\/uploads\\\/2016\\\/12\\\/ANNAKARIN-NYBERG-SVARTVIT-pressbild.jpg\",\"datePublished\":\"2016-12-29T12:45:04+00:00\",\"dateModified\":\"2021-05-12T07:09:58+00:00\",\"breadcrumb\":{\"@id\":\"https:\\\/\\\/bicfactory.se\\\/ny-kompetens-till-bic-factorys-styrgrupp\\\/#breadcrumb\"},\"inLanguage\":\"en-US\",\"potentialAction\":[{\"@type\":\"ReadAction\",\"target\":[\"https:\\\/\\\/bicfactory.se\\\/ny-kompetens-till-bic-factorys-styrgrupp\\\/\"]}]},{\"@type\":\"ImageObject\",\"inLanguage\":\"en-US\",\"@id\":\"https:\\\/\\\/bicfactory.se\\\/ny-kompetens-till-bic-factorys-styrgrupp\\\/#primaryimage\",\"url\":\"https:\\\/\\\/bicfactory.se\\\/wp-content\\\/uploads\\\/2016\\\/12\\\/ANNAKARIN-NYBERG-SVARTVIT-pressbild.jpg\",\"contentUrl\":\"https:\\\/\\\/bicfactory.se\\\/wp-content\\\/uploads\\\/2016\\\/12\\\/ANNAKARIN-NYBERG-SVARTVIT-pressbild.jpg\",\"width\":1200,\"height\":901,\"caption\":\"Reklam foto Portr\u00e4tt fotograf Advertising Commercial Photographer\"},{\"@type\":\"BreadcrumbList\",\"@id\":\"https:\\\/\\\/bicfactory.se\\\/ny-kompetens-till-bic-factorys-styrgrupp\\\/#breadcrumb\",\"itemListElement\":[{\"@type\":\"ListItem\",\"position\":1,\"name\":\"Hem\",\"item\":\"https:\\\/\\\/bicfactory.se\\\/\"},{\"@type\":\"ListItem\",\"position\":2,\"name\":\"Ny kompetens till BIC Factorys styrgrupp\"}]},{\"@type\":\"WebSite\",\"@id\":\"https:\\\/\\\/bicfactory.se\\\/en\\\/#website\",\"url\":\"https:\\\/\\\/bicfactory.se\\\/en\\\/\",\"name\":\"BIC Factory\",\"description\":\"F\u00f6retagsinkubator med stj\u00e4rnstatus\",\"publisher\":{\"@id\":\"https:\\\/\\\/bicfactory.se\\\/en\\\/#organization\"},\"potentialAction\":[{\"@type\":\"SearchAction\",\"target\":{\"@type\":\"EntryPoint\",\"urlTemplate\":\"https:\\\/\\\/bicfactory.se\\\/en\\\/?s={search_term_string}\"},\"query-input\":{\"@type\":\"PropertyValueSpecification\",\"valueRequired\":true,\"valueName\":\"search_term_string\"}}],\"inLanguage\":\"en-US\"},{\"@type\":\"Organization\",\"@id\":\"https:\\\/\\\/bicfactory.se\\\/en\\\/#organization\",\"name\":\"BIC Factory\",\"url\":\"https:\\\/\\\/bicfactory.se\\\/en\\\/\",\"logo\":{\"@type\":\"ImageObject\",\"inLanguage\":\"en-US\",\"@id\":\"https:\\\/\\\/bicfactory.se\\\/en\\\/#\\\/schema\\\/logo\\\/image\\\/\",\"url\":\"https:\\\/\\\/bicfactory.se\\\/wp-content\\\/uploads\\\/2021\\\/03\\\/biclogo_full.png\",\"contentUrl\":\"https:\\\/\\\/bicfactory.se\\\/wp-content\\\/uploads\\\/2021\\\/03\\\/biclogo_full.png\",\"width\":1943,\"height\":341,\"caption\":\"BIC Factory\"},\"image\":{\"@id\":\"https:\\\/\\\/bicfactory.se\\\/en\\\/#\\\/schema\\\/logo\\\/image\\\/\"},\"sameAs\":[\"https:\\\/\\\/sv-se.facebook.com\\\/bicfactory\",\"https:\\\/\\\/www.instagram.com\\\/bicfactory_official\\\/\",\"https:\\\/\\\/www.linkedin.com\\\/company\\\/bic-factory\"]},{\"@type\":\"Person\",\"@id\":\"https:\\\/\\\/bicfactory.se\\\/en\\\/#\\\/schema\\\/person\\\/f8b67f137cfe6b6eedc2b9d58726063e\",\"name\":\"Lena \u00d6hlund\",\"image\":{\"@type\":\"ImageObject\",\"inLanguage\":\"en-US\",\"@id\":\"https:\\\/\\\/secure.gravatar.com\\\/avatar\\\/c589039c9eadf850e8856504492354bc0488b7f39c794831649e58824177b48b?s=96&d=mm&r=g\",\"url\":\"https:\\\/\\\/secure.gravatar.com\\\/avatar\\\/c589039c9eadf850e8856504492354bc0488b7f39c794831649e58824177b48b?s=96&d=mm&r=g\",\"contentUrl\":\"https:\\\/\\\/secure.gravatar.com\\\/avatar\\\/c589039c9eadf850e8856504492354bc0488b7f39c794831649e58824177b48b?s=96&d=mm&r=g\",\"caption\":\"Lena \u00d6hlund\"}}]}<\/script>\n<!-- \/ Yoast SEO plugin. -->","yoast_head_json":{"title":"Ny kompetens till BIC Factorys styrgrupp - BIC Factory","robots":{"index":"index","follow":"follow","max-snippet":"max-snippet:-1","max-image-preview":"max-image-preview:large","max-video-preview":"max-video-preview:-1"},"canonical":"https:\/\/bicfactory.se\/en\/ny-kompetens-till-bic-factorys-styrgrupp\/","og_locale":"en_US","og_type":"article","og_title":"Ny kompetens till BIC Factorys styrgrupp - BIC Factory","og_description":"Vi har from \u00e5rsskiftet rekryterat in internetforskaren och entrepren\u00f6ren Annakarin Nyberg till v\u00e5r styrgrupp. Annakarin eftertr\u00e4der Anita Bostr\u00f6m, STF som medverkat i styrgruppen i 12 \u00e5r. Uppdraget inneb\u00e4r att Annakarin [&hellip;]","og_url":"https:\/\/bicfactory.se\/en\/ny-kompetens-till-bic-factorys-styrgrupp\/","og_site_name":"BIC Factory","article_publisher":"https:\/\/sv-se.facebook.com\/bicfactory","article_published_time":"2016-12-29T12:45:04+00:00","article_modified_time":"2021-05-12T07:09:58+00:00","og_image":[{"width":1200,"height":901,"url":"https:\/\/bicfactory.se\/wp-content\/uploads\/2016\/12\/ANNAKARIN-NYBERG-SVARTVIT-pressbild.jpg","type":"image\/jpeg"}],"author":"Lena \u00d6hlund","twitter_card":"summary_large_image","twitter_misc":{"Written by":"Lena \u00d6hlund","Est. reading time":"2 minutes"},"schema":{"@context":"https:\/\/schema.org","@graph":[{"@type":"Article","@id":"https:\/\/bicfactory.se\/ny-kompetens-till-bic-factorys-styrgrupp\/#article","isPartOf":{"@id":"https:\/\/bicfactory.se\/ny-kompetens-till-bic-factorys-styrgrupp\/"},"author":{"name":"Lena \u00d6hlund","@id":"https:\/\/bicfactory.se\/en\/#\/schema\/person\/f8b67f137cfe6b6eedc2b9d58726063e"},"headline":"Ny kompetens till BIC Factorys styrgrupp","datePublished":"2016-12-29T12:45:04+00:00","dateModified":"2021-05-12T07:09:58+00:00","mainEntityOfPage":{"@id":"https:\/\/bicfactory.se\/ny-kompetens-till-bic-factorys-styrgrupp\/"},"wordCount":335,"publisher":{"@id":"https:\/\/bicfactory.se\/en\/#organization"},"image":{"@id":"https:\/\/bicfactory.se\/ny-kompetens-till-bic-factorys-styrgrupp\/#primaryimage"},"thumbnailUrl":"https:\/\/bicfactory.se\/wp-content\/uploads\/2016\/12\/ANNAKARIN-NYBERG-SVARTVIT-pressbild.jpg","keywords":["Annakarin Nyberg"],"articleSection":["Nyheter"],"inLanguage":"en-US"},{"@type":"WebPage","@id":"https:\/\/bicfactory.se\/ny-kompetens-till-bic-factorys-styrgrupp\/","url":"https:\/\/bicfactory.se\/ny-kompetens-till-bic-factorys-styrgrupp\/","name":"Ny kompetens till BIC Factorys styrgrupp - BIC Factory","isPartOf":{"@id":"https:\/\/bicfactory.se\/en\/#website"},"primaryImageOfPage":{"@id":"https:\/\/bicfactory.se\/ny-kompetens-till-bic-factorys-styrgrupp\/#primaryimage"},"image":{"@id":"https:\/\/bicfactory.se\/ny-kompetens-till-bic-factorys-styrgrupp\/#primaryimage"},"thumbnailUrl":"https:\/\/bicfactory.se\/wp-content\/uploads\/2016\/12\/ANNAKARIN-NYBERG-SVARTVIT-pressbild.jpg","datePublished":"2016-12-29T12:45:04+00:00","dateModified":"2021-05-12T07:09:58+00:00","breadcrumb":{"@id":"https:\/\/bicfactory.se\/ny-kompetens-till-bic-factorys-styrgrupp\/#breadcrumb"},"inLanguage":"en-US","potentialAction":[{"@type":"ReadAction","target":["https:\/\/bicfactory.se\/ny-kompetens-till-bic-factorys-styrgrupp\/"]}]},{"@type":"ImageObject","inLanguage":"en-US","@id":"https:\/\/bicfactory.se\/ny-kompetens-till-bic-factorys-styrgrupp\/#primaryimage","url":"https:\/\/bicfactory.se\/wp-content\/uploads\/2016\/12\/ANNAKARIN-NYBERG-SVARTVIT-pressbild.jpg","contentUrl":"https:\/\/bicfactory.se\/wp-content\/uploads\/2016\/12\/ANNAKARIN-NYBERG-SVARTVIT-pressbild.jpg","width":1200,"height":901,"caption":"Reklam foto Portr\u00e4tt fotograf Advertising Commercial Photographer"},{"@type":"BreadcrumbList","@id":"https:\/\/bicfactory.se\/ny-kompetens-till-bic-factorys-styrgrupp\/#breadcrumb","itemListElement":[{"@type":"ListItem","position":1,"name":"Hem","item":"https:\/\/bicfactory.se\/"},{"@type":"ListItem","position":2,"name":"Ny kompetens till BIC Factorys styrgrupp"}]},{"@type":"WebSite","@id":"https:\/\/bicfactory.se\/en\/#website","url":"https:\/\/bicfactory.se\/en\/","name":"BIC Factory","description":"Business incubator with star status","publisher":{"@id":"https:\/\/bicfactory.se\/en\/#organization"},"potentialAction":[{"@type":"SearchAction","target":{"@type":"EntryPoint","urlTemplate":"https:\/\/bicfactory.se\/en\/?s={search_term_string}"},"query-input":{"@type":"PropertyValueSpecification","valueRequired":true,"valueName":"search_term_string"}}],"inLanguage":"en-US"},{"@type":"Organization","@id":"https:\/\/bicfactory.se\/en\/#organization","name":"BIC Factory","url":"https:\/\/bicfactory.se\/en\/","logo":{"@type":"ImageObject","inLanguage":"en-US","@id":"https:\/\/bicfactory.se\/en\/#\/schema\/logo\/image\/","url":"https:\/\/bicfactory.se\/wp-content\/uploads\/2021\/03\/biclogo_full.png","contentUrl":"https:\/\/bicfactory.se\/wp-content\/uploads\/2021\/03\/biclogo_full.png","width":1943,"height":341,"caption":"BIC Factory"},"image":{"@id":"https:\/\/bicfactory.se\/en\/#\/schema\/logo\/image\/"},"sameAs":["https:\/\/sv-se.facebook.com\/bicfactory","https:\/\/www.instagram.com\/bicfactory_official\/","https:\/\/www.linkedin.com\/company\/bic-factory"]},{"@type":"Person","@id":"https:\/\/bicfactory.se\/en\/#\/schema\/person\/f8b67f137cfe6b6eedc2b9d58726063e","name":"Lena \u00d6hlund","image":{"@type":"ImageObject","inLanguage":"en-US","@id":"https:\/\/secure.gravatar.com\/avatar\/c589039c9eadf850e8856504492354bc0488b7f39c794831649e58824177b48b?s=96&d=mm&r=g","url":"https:\/\/secure.gravatar.com\/avatar\/c589039c9eadf850e8856504492354bc0488b7f39c794831649e58824177b48b?s=96&d=mm&r=g","contentUrl":"https:\/\/secure.gravatar.com\/avatar\/c589039c9eadf850e8856504492354bc0488b7f39c794831649e58824177b48b?s=96&d=mm&r=g","caption":"Lena \u00d6hlund"}}]}},"_links":{"self":[{"href":"https:\/\/bicfactory.se\/en\/wp-json\/wp\/v2\/posts\/12623","targetHints":{"allow":["GET"]}}],"collection":[{"href":"https:\/\/bicfactory.se\/en\/wp-json\/wp\/v2\/posts"}],"about":[{"href":"https:\/\/bicfactory.se\/en\/wp-json\/wp\/v2\/types\/post"}],"author":[{"embeddable":true,"href":"https:\/\/bicfactory.se\/en\/wp-json\/wp\/v2\/users\/2"}],"replies":[{"embeddable":true,"href":"https:\/\/bicfactory.se\/en\/wp-json\/wp\/v2\/comments?post=12623"}],"version-history":[{"count":2,"href":"https:\/\/bicfactory.se\/en\/wp-json\/wp\/v2\/posts\/12623\/revisions"}],"predecessor-version":[{"id":17028,"href":"https:\/\/bicfactory.se\/en\/wp-json\/wp\/v2\/posts\/12623\/revisions\/17028"}],"wp:featuredmedia":[{"embeddable":true,"href":"https:\/\/bicfactory.se\/en\/wp-json\/wp\/v2\/media\/12624"}],"wp:attachment":[{"href":"https:\/\/bicfactory.se\/en\/wp-json\/wp\/v2\/media?parent=12623"}],"wp:term":[{"taxonomy":"category","embeddable":true,"href":"https:\/\/bicfactory.se\/en\/wp-json\/wp\/v2\/categories?post=12623"},{"taxonomy":"post_tag","embeddable":true,"href":"https:\/\/bicfactory.se\/en\/wp-json\/wp\/v2\/tags?post=12623"}],"curies":[{"name":"wp","href":"https:\/\/api.w.org\/{rel}","templated":true}]}}