{"id":3743,"date":"2014-06-16T13:40:01","date_gmt":"2014-06-16T11:40:01","guid":{"rendered":"http:\/\/bicfactory.se\/?p=3743"},"modified":"2021-05-10T13:32:10","modified_gmt":"2021-05-10T11:32:10","slug":"konferens-tjejer-med-psykisk-ohalsa","status":"publish","type":"post","link":"https:\/\/bicfactory.se\/en\/konferens-tjejer-med-psykisk-ohalsa\/","title":{"rendered":"Conference - Girls with mental illness"},"content":{"rendered":"<p><a href=\"http:\/\/www.psykepedia.se\/\" target=\"_blank\" rel=\"noopener\">Psykepedia<\/a>&nbsp;\u00e4r f\u00f6retaget som brinner f\u00f6r att \u00f6ka allm\u00e4nhetens kunskap om psykisk oh\u00e4lsa. Den 23 april anordnar f\u00f6retaget en konferens p\u00e5 temat&nbsp;Tjejer med psykisk oh\u00e4lsa&nbsp;i Ume\u00e5.<\/p>\n<p>Under dagen kommer deltagarna f\u00e5 ta del av tre gripande livshistorier av&nbsp;tjejer som p\u00e5 olika s\u00e4tt har drabbats av psykisk oh\u00e4lsa. Livshistorierna som \u00e5h\u00f6rarna kommer att f\u00e5 ta del av l\u00e4mnar ingen ober\u00f6rd. Historier om insjuknande, missbruk, slutna psykiatriska avdelningar, tung medicinering och om hur man \u00e5terh\u00e4mtar sig.<\/p>\n<p>Psykisk oh\u00e4lsa har \u00f6kat tre g\u00e5nger mer bland flickor \u00e4n bland pojkar sedan 1990-talet. Samtidigt \u00e4r det f\u00e5 flickor som utreds f\u00f6r ADHD och autismspektrumst\u00f6rning.<\/p>\n<p>Konferensen&nbsp;Tjejer med psykisk oh\u00e4lsa v\u00e4nder&nbsp;sig till deltagare som \u00e4r intresserade av \u00e4mnet och som kommer i kontakt med psykisk oh\u00e4lsa i sin vardag. Boka din biljett&nbsp;<a href=\"http:\/\/www.biljettplatsen.se\/tema\/1567-tjejer-med-psykisk-ohalsa\/\" target=\"_blank\" rel=\"noopener\">here<\/a><\/p>\n<p><img fetchpriority=\"high\" decoding=\"async\" class=\"alignnone size-full wp-image-3744\" src=\"http:\/\/bicfactory.se\/wp-content\/uploads\/2014\/06\/tjejer_med_psykisk.jpg\" alt=\"tjejer_med_psykisk\" width=\"600\" height=\"569\" srcset=\"https:\/\/bicfactory.se\/wp-content\/uploads\/2014\/06\/tjejer_med_psykisk.jpg 600w, https:\/\/bicfactory.se\/wp-content\/uploads\/2014\/06\/tjejer_med_psykisk-300x285.jpg 300w, https:\/\/bicfactory.se\/wp-content\/uploads\/2014\/06\/tjejer_med_psykisk-120x114.jpg 120w, https:\/\/bicfactory.se\/wp-content\/uploads\/2014\/06\/tjejer_med_psykisk-500x474.jpg 500w, https:\/\/bicfactory.se\/wp-content\/uploads\/2014\/06\/tjejer_med_psykisk-52x50.jpg 52w\" sizes=\"(max-width: 600px) 100vw, 600px\" \/><\/p>","protected":false},"excerpt":{"rendered":"<p>Psykepedia&nbsp;\u00e4r f\u00f6retaget som brinner f\u00f6r att \u00f6ka allm\u00e4nhetens kunskap om psykisk oh\u00e4lsa. Den 23 april anordnar f\u00f6retaget en konferens p\u00e5 temat&nbsp;Tjejer med psykisk oh\u00e4lsa&nbsp;i Ume\u00e5. Under dagen kommer deltagarna f\u00e5 [&hellip;]<\/p>\n","protected":false},"author":10,"featured_media":3744,"comment_status":"closed","ping_status":"closed","sticky":false,"template":"","format":"standard","meta":{"_acf_changed":false,"inline_featured_image":false,"_price":"","_stock":"","_tribe_ticket_header":"","_tribe_default_ticket_provider":"","_tribe_ticket_capacity":"0","_ticket_start_date":"","_ticket_end_date":"","_tribe_ticket_show_description":"","_tribe_ticket_show_not_going":false,"_tribe_ticket_use_global_stock":"","_tribe_ticket_global_stock_level":"","_global_stock_mode":"","_global_stock_cap":"","_tribe_rsvp_for_event":"","_tribe_ticket_going_count":"","_tribe_ticket_not_going_count":"","_tribe_tickets_list":"[]","_tribe_ticket_has_attendee_info_fields":false,"footnotes":""},"categories":[45],"tags":[],"class_list":["post-3743","post","type-post","status-publish","format-standard","has-post-thumbnail","hentry","category-nyheter"],"acf":[],"yoast_head":"<!-- This site is optimized with the Yoast SEO plugin v27.5 - https:\/\/yoast.com\/product\/yoast-seo-wordpress\/ -->\n<title>Konferens - Tjejer med psykisk oh\u00e4lsa - BIC Factory<\/title>\n<meta name=\"robots\" content=\"index, follow, max-snippet:-1, max-image-preview:large, max-video-preview:-1\" \/>\n<link rel=\"canonical\" href=\"https:\/\/bicfactory.se\/en\/konferens-tjejer-med-psykisk-ohalsa\/\" \/>\n<meta property=\"og:locale\" content=\"en_US\" \/>\n<meta property=\"og:type\" content=\"article\" \/>\n<meta property=\"og:title\" content=\"Konferens - Tjejer med psykisk oh\u00e4lsa - BIC Factory\" \/>\n<meta property=\"og:description\" content=\"Psykepedia&nbsp;\u00e4r f\u00f6retaget som brinner f\u00f6r att \u00f6ka allm\u00e4nhetens kunskap om psykisk oh\u00e4lsa. Den 23 april anordnar f\u00f6retaget en konferens p\u00e5 temat&nbsp;Tjejer med psykisk oh\u00e4lsa&nbsp;i Ume\u00e5. Under dagen kommer deltagarna f\u00e5 [&hellip;]\" \/>\n<meta property=\"og:url\" content=\"https:\/\/bicfactory.se\/en\/konferens-tjejer-med-psykisk-ohalsa\/\" \/>\n<meta property=\"og:site_name\" content=\"BIC Factory\" \/>\n<meta property=\"article:publisher\" content=\"https:\/\/sv-se.facebook.com\/bicfactory\" \/>\n<meta property=\"article:published_time\" content=\"2014-06-16T11:40:01+00:00\" \/>\n<meta property=\"article:modified_time\" content=\"2021-05-10T11:32:10+00:00\" \/>\n<meta property=\"og:image\" content=\"https:\/\/bicfactory.se\/wp-content\/uploads\/2014\/06\/tjejer_med_psykisk.jpg\" \/>\n\t<meta property=\"og:image:width\" content=\"600\" \/>\n\t<meta property=\"og:image:height\" content=\"569\" \/>\n\t<meta property=\"og:image:type\" content=\"image\/jpeg\" \/>\n<meta name=\"author\" content=\"IsleMountain\" \/>\n<meta name=\"twitter:card\" content=\"summary_large_image\" \/>\n<meta name=\"twitter:label1\" content=\"Written by\" \/>\n\t<meta name=\"twitter:data1\" content=\"IsleMountain\" \/>\n\t<meta name=\"twitter:label2\" content=\"Est. reading time\" \/>\n\t<meta name=\"twitter:data2\" content=\"1 minute\" \/>\n<script type=\"application\/ld+json\" class=\"yoast-schema-graph\">{\"@context\":\"https:\\\/\\\/schema.org\",\"@graph\":[{\"@type\":\"Article\",\"@id\":\"https:\\\/\\\/bicfactory.se\\\/konferens-tjejer-med-psykisk-ohalsa\\\/#article\",\"isPartOf\":{\"@id\":\"https:\\\/\\\/bicfactory.se\\\/konferens-tjejer-med-psykisk-ohalsa\\\/\"},\"author\":{\"name\":\"IsleMountain\",\"@id\":\"https:\\\/\\\/bicfactory.se\\\/en\\\/#\\\/schema\\\/person\\\/b213c81038910f02ffca821da4ff0709\"},\"headline\":\"Konferens &#8211; Tjejer med psykisk oh\u00e4lsa\",\"datePublished\":\"2014-06-16T11:40:01+00:00\",\"dateModified\":\"2021-05-10T11:32:10+00:00\",\"mainEntityOfPage\":{\"@id\":\"https:\\\/\\\/bicfactory.se\\\/konferens-tjejer-med-psykisk-ohalsa\\\/\"},\"wordCount\":164,\"publisher\":{\"@id\":\"https:\\\/\\\/bicfactory.se\\\/en\\\/#organization\"},\"image\":{\"@id\":\"https:\\\/\\\/bicfactory.se\\\/konferens-tjejer-med-psykisk-ohalsa\\\/#primaryimage\"},\"thumbnailUrl\":\"https:\\\/\\\/bicfactory.se\\\/wp-content\\\/uploads\\\/2014\\\/06\\\/tjejer_med_psykisk.jpg\",\"articleSection\":[\"Nyheter\"],\"inLanguage\":\"en-US\"},{\"@type\":\"WebPage\",\"@id\":\"https:\\\/\\\/bicfactory.se\\\/konferens-tjejer-med-psykisk-ohalsa\\\/\",\"url\":\"https:\\\/\\\/bicfactory.se\\\/konferens-tjejer-med-psykisk-ohalsa\\\/\",\"name\":\"Konferens - Tjejer med psykisk oh\u00e4lsa - BIC Factory\",\"isPartOf\":{\"@id\":\"https:\\\/\\\/bicfactory.se\\\/en\\\/#website\"},\"primaryImageOfPage\":{\"@id\":\"https:\\\/\\\/bicfactory.se\\\/konferens-tjejer-med-psykisk-ohalsa\\\/#primaryimage\"},\"image\":{\"@id\":\"https:\\\/\\\/bicfactory.se\\\/konferens-tjejer-med-psykisk-ohalsa\\\/#primaryimage\"},\"thumbnailUrl\":\"https:\\\/\\\/bicfactory.se\\\/wp-content\\\/uploads\\\/2014\\\/06\\\/tjejer_med_psykisk.jpg\",\"datePublished\":\"2014-06-16T11:40:01+00:00\",\"dateModified\":\"2021-05-10T11:32:10+00:00\",\"breadcrumb\":{\"@id\":\"https:\\\/\\\/bicfactory.se\\\/konferens-tjejer-med-psykisk-ohalsa\\\/#breadcrumb\"},\"inLanguage\":\"en-US\",\"potentialAction\":[{\"@type\":\"ReadAction\",\"target\":[\"https:\\\/\\\/bicfactory.se\\\/konferens-tjejer-med-psykisk-ohalsa\\\/\"]}]},{\"@type\":\"ImageObject\",\"inLanguage\":\"en-US\",\"@id\":\"https:\\\/\\\/bicfactory.se\\\/konferens-tjejer-med-psykisk-ohalsa\\\/#primaryimage\",\"url\":\"https:\\\/\\\/bicfactory.se\\\/wp-content\\\/uploads\\\/2014\\\/06\\\/tjejer_med_psykisk.jpg\",\"contentUrl\":\"https:\\\/\\\/bicfactory.se\\\/wp-content\\\/uploads\\\/2014\\\/06\\\/tjejer_med_psykisk.jpg\",\"width\":600,\"height\":569},{\"@type\":\"BreadcrumbList\",\"@id\":\"https:\\\/\\\/bicfactory.se\\\/konferens-tjejer-med-psykisk-ohalsa\\\/#breadcrumb\",\"itemListElement\":[{\"@type\":\"ListItem\",\"position\":1,\"name\":\"Hem\",\"item\":\"https:\\\/\\\/bicfactory.se\\\/\"},{\"@type\":\"ListItem\",\"position\":2,\"name\":\"Konferens &#8211; Tjejer med psykisk oh\u00e4lsa\"}]},{\"@type\":\"WebSite\",\"@id\":\"https:\\\/\\\/bicfactory.se\\\/en\\\/#website\",\"url\":\"https:\\\/\\\/bicfactory.se\\\/en\\\/\",\"name\":\"BIC Factory\",\"description\":\"F\u00f6retagsinkubator med stj\u00e4rnstatus\",\"publisher\":{\"@id\":\"https:\\\/\\\/bicfactory.se\\\/en\\\/#organization\"},\"potentialAction\":[{\"@type\":\"SearchAction\",\"target\":{\"@type\":\"EntryPoint\",\"urlTemplate\":\"https:\\\/\\\/bicfactory.se\\\/en\\\/?s={search_term_string}\"},\"query-input\":{\"@type\":\"PropertyValueSpecification\",\"valueRequired\":true,\"valueName\":\"search_term_string\"}}],\"inLanguage\":\"en-US\"},{\"@type\":\"Organization\",\"@id\":\"https:\\\/\\\/bicfactory.se\\\/en\\\/#organization\",\"name\":\"BIC Factory\",\"url\":\"https:\\\/\\\/bicfactory.se\\\/en\\\/\",\"logo\":{\"@type\":\"ImageObject\",\"inLanguage\":\"en-US\",\"@id\":\"https:\\\/\\\/bicfactory.se\\\/en\\\/#\\\/schema\\\/logo\\\/image\\\/\",\"url\":\"https:\\\/\\\/bicfactory.se\\\/wp-content\\\/uploads\\\/2021\\\/03\\\/biclogo_full.png\",\"contentUrl\":\"https:\\\/\\\/bicfactory.se\\\/wp-content\\\/uploads\\\/2021\\\/03\\\/biclogo_full.png\",\"width\":1943,\"height\":341,\"caption\":\"BIC Factory\"},\"image\":{\"@id\":\"https:\\\/\\\/bicfactory.se\\\/en\\\/#\\\/schema\\\/logo\\\/image\\\/\"},\"sameAs\":[\"https:\\\/\\\/sv-se.facebook.com\\\/bicfactory\",\"https:\\\/\\\/www.instagram.com\\\/bicfactory_official\\\/\",\"https:\\\/\\\/www.linkedin.com\\\/company\\\/bic-factory\"]},{\"@type\":\"Person\",\"@id\":\"https:\\\/\\\/bicfactory.se\\\/en\\\/#\\\/schema\\\/person\\\/b213c81038910f02ffca821da4ff0709\",\"name\":\"IsleMountain\",\"image\":{\"@type\":\"ImageObject\",\"inLanguage\":\"en-US\",\"@id\":\"https:\\\/\\\/secure.gravatar.com\\\/avatar\\\/888b5cc53de53fe09ed15e5c25edc470f0ef494ca2e6848005a6411a2304bd69?s=96&d=mm&r=g\",\"url\":\"https:\\\/\\\/secure.gravatar.com\\\/avatar\\\/888b5cc53de53fe09ed15e5c25edc470f0ef494ca2e6848005a6411a2304bd69?s=96&d=mm&r=g\",\"contentUrl\":\"https:\\\/\\\/secure.gravatar.com\\\/avatar\\\/888b5cc53de53fe09ed15e5c25edc470f0ef494ca2e6848005a6411a2304bd69?s=96&d=mm&r=g\",\"caption\":\"IsleMountain\"}}]}<\/script>\n<!-- \/ Yoast SEO plugin. -->","yoast_head_json":{"title":"Konferens - Tjejer med psykisk oh\u00e4lsa - BIC Factory","robots":{"index":"index","follow":"follow","max-snippet":"max-snippet:-1","max-image-preview":"max-image-preview:large","max-video-preview":"max-video-preview:-1"},"canonical":"https:\/\/bicfactory.se\/en\/konferens-tjejer-med-psykisk-ohalsa\/","og_locale":"en_US","og_type":"article","og_title":"Konferens - Tjejer med psykisk oh\u00e4lsa - BIC Factory","og_description":"Psykepedia&nbsp;\u00e4r f\u00f6retaget som brinner f\u00f6r att \u00f6ka allm\u00e4nhetens kunskap om psykisk oh\u00e4lsa. Den 23 april anordnar f\u00f6retaget en konferens p\u00e5 temat&nbsp;Tjejer med psykisk oh\u00e4lsa&nbsp;i Ume\u00e5. Under dagen kommer deltagarna f\u00e5 [&hellip;]","og_url":"https:\/\/bicfactory.se\/en\/konferens-tjejer-med-psykisk-ohalsa\/","og_site_name":"BIC Factory","article_publisher":"https:\/\/sv-se.facebook.com\/bicfactory","article_published_time":"2014-06-16T11:40:01+00:00","article_modified_time":"2021-05-10T11:32:10+00:00","og_image":[{"width":600,"height":569,"url":"https:\/\/bicfactory.se\/wp-content\/uploads\/2014\/06\/tjejer_med_psykisk.jpg","type":"image\/jpeg"}],"author":"IsleMountain","twitter_card":"summary_large_image","twitter_misc":{"Written by":"IsleMountain","Est. reading time":"1 minute"},"schema":{"@context":"https:\/\/schema.org","@graph":[{"@type":"Article","@id":"https:\/\/bicfactory.se\/konferens-tjejer-med-psykisk-ohalsa\/#article","isPartOf":{"@id":"https:\/\/bicfactory.se\/konferens-tjejer-med-psykisk-ohalsa\/"},"author":{"name":"IsleMountain","@id":"https:\/\/bicfactory.se\/en\/#\/schema\/person\/b213c81038910f02ffca821da4ff0709"},"headline":"Konferens &#8211; Tjejer med psykisk oh\u00e4lsa","datePublished":"2014-06-16T11:40:01+00:00","dateModified":"2021-05-10T11:32:10+00:00","mainEntityOfPage":{"@id":"https:\/\/bicfactory.se\/konferens-tjejer-med-psykisk-ohalsa\/"},"wordCount":164,"publisher":{"@id":"https:\/\/bicfactory.se\/en\/#organization"},"image":{"@id":"https:\/\/bicfactory.se\/konferens-tjejer-med-psykisk-ohalsa\/#primaryimage"},"thumbnailUrl":"https:\/\/bicfactory.se\/wp-content\/uploads\/2014\/06\/tjejer_med_psykisk.jpg","articleSection":["Nyheter"],"inLanguage":"en-US"},{"@type":"WebPage","@id":"https:\/\/bicfactory.se\/konferens-tjejer-med-psykisk-ohalsa\/","url":"https:\/\/bicfactory.se\/konferens-tjejer-med-psykisk-ohalsa\/","name":"Konferens - Tjejer med psykisk oh\u00e4lsa - BIC Factory","isPartOf":{"@id":"https:\/\/bicfactory.se\/en\/#website"},"primaryImageOfPage":{"@id":"https:\/\/bicfactory.se\/konferens-tjejer-med-psykisk-ohalsa\/#primaryimage"},"image":{"@id":"https:\/\/bicfactory.se\/konferens-tjejer-med-psykisk-ohalsa\/#primaryimage"},"thumbnailUrl":"https:\/\/bicfactory.se\/wp-content\/uploads\/2014\/06\/tjejer_med_psykisk.jpg","datePublished":"2014-06-16T11:40:01+00:00","dateModified":"2021-05-10T11:32:10+00:00","breadcrumb":{"@id":"https:\/\/bicfactory.se\/konferens-tjejer-med-psykisk-ohalsa\/#breadcrumb"},"inLanguage":"en-US","potentialAction":[{"@type":"ReadAction","target":["https:\/\/bicfactory.se\/konferens-tjejer-med-psykisk-ohalsa\/"]}]},{"@type":"ImageObject","inLanguage":"en-US","@id":"https:\/\/bicfactory.se\/konferens-tjejer-med-psykisk-ohalsa\/#primaryimage","url":"https:\/\/bicfactory.se\/wp-content\/uploads\/2014\/06\/tjejer_med_psykisk.jpg","contentUrl":"https:\/\/bicfactory.se\/wp-content\/uploads\/2014\/06\/tjejer_med_psykisk.jpg","width":600,"height":569},{"@type":"BreadcrumbList","@id":"https:\/\/bicfactory.se\/konferens-tjejer-med-psykisk-ohalsa\/#breadcrumb","itemListElement":[{"@type":"ListItem","position":1,"name":"Hem","item":"https:\/\/bicfactory.se\/"},{"@type":"ListItem","position":2,"name":"Konferens &#8211; Tjejer med psykisk oh\u00e4lsa"}]},{"@type":"WebSite","@id":"https:\/\/bicfactory.se\/en\/#website","url":"https:\/\/bicfactory.se\/en\/","name":"BIC Factory","description":"Business incubator with star status","publisher":{"@id":"https:\/\/bicfactory.se\/en\/#organization"},"potentialAction":[{"@type":"SearchAction","target":{"@type":"EntryPoint","urlTemplate":"https:\/\/bicfactory.se\/en\/?s={search_term_string}"},"query-input":{"@type":"PropertyValueSpecification","valueRequired":true,"valueName":"search_term_string"}}],"inLanguage":"en-US"},{"@type":"Organization","@id":"https:\/\/bicfactory.se\/en\/#organization","name":"BIC Factory","url":"https:\/\/bicfactory.se\/en\/","logo":{"@type":"ImageObject","inLanguage":"en-US","@id":"https:\/\/bicfactory.se\/en\/#\/schema\/logo\/image\/","url":"https:\/\/bicfactory.se\/wp-content\/uploads\/2021\/03\/biclogo_full.png","contentUrl":"https:\/\/bicfactory.se\/wp-content\/uploads\/2021\/03\/biclogo_full.png","width":1943,"height":341,"caption":"BIC Factory"},"image":{"@id":"https:\/\/bicfactory.se\/en\/#\/schema\/logo\/image\/"},"sameAs":["https:\/\/sv-se.facebook.com\/bicfactory","https:\/\/www.instagram.com\/bicfactory_official\/","https:\/\/www.linkedin.com\/company\/bic-factory"]},{"@type":"Person","@id":"https:\/\/bicfactory.se\/en\/#\/schema\/person\/b213c81038910f02ffca821da4ff0709","name":"IsleMountain","image":{"@type":"ImageObject","inLanguage":"en-US","@id":"https:\/\/secure.gravatar.com\/avatar\/888b5cc53de53fe09ed15e5c25edc470f0ef494ca2e6848005a6411a2304bd69?s=96&d=mm&r=g","url":"https:\/\/secure.gravatar.com\/avatar\/888b5cc53de53fe09ed15e5c25edc470f0ef494ca2e6848005a6411a2304bd69?s=96&d=mm&r=g","contentUrl":"https:\/\/secure.gravatar.com\/avatar\/888b5cc53de53fe09ed15e5c25edc470f0ef494ca2e6848005a6411a2304bd69?s=96&d=mm&r=g","caption":"IsleMountain"}}]}},"_links":{"self":[{"href":"https:\/\/bicfactory.se\/en\/wp-json\/wp\/v2\/posts\/3743","targetHints":{"allow":["GET"]}}],"collection":[{"href":"https:\/\/bicfactory.se\/en\/wp-json\/wp\/v2\/posts"}],"about":[{"href":"https:\/\/bicfactory.se\/en\/wp-json\/wp\/v2\/types\/post"}],"author":[{"embeddable":true,"href":"https:\/\/bicfactory.se\/en\/wp-json\/wp\/v2\/users\/10"}],"replies":[{"embeddable":true,"href":"https:\/\/bicfactory.se\/en\/wp-json\/wp\/v2\/comments?post=3743"}],"version-history":[{"count":1,"href":"https:\/\/bicfactory.se\/en\/wp-json\/wp\/v2\/posts\/3743\/revisions"}],"predecessor-version":[{"id":16817,"href":"https:\/\/bicfactory.se\/en\/wp-json\/wp\/v2\/posts\/3743\/revisions\/16817"}],"wp:featuredmedia":[{"embeddable":true,"href":"https:\/\/bicfactory.se\/en\/wp-json\/wp\/v2\/media\/3744"}],"wp:attachment":[{"href":"https:\/\/bicfactory.se\/en\/wp-json\/wp\/v2\/media?parent=3743"}],"wp:term":[{"taxonomy":"category","embeddable":true,"href":"https:\/\/bicfactory.se\/en\/wp-json\/wp\/v2\/categories?post=3743"},{"taxonomy":"post_tag","embeddable":true,"href":"https:\/\/bicfactory.se\/en\/wp-json\/wp\/v2\/tags?post=3743"}],"curies":[{"name":"wp","href":"https:\/\/api.w.org\/{rel}","templated":true}]}}